{"id":3158,"date":"2024-06-27T11:49:00","date_gmt":"2024-06-27T09:49:00","guid":{"rendered":"https:\/\/www.tec4net.com\/web\/?p=3158"},"modified":"2024-06-26T00:07:36","modified_gmt":"2024-06-25T22:07:36","slug":"30512","status":"publish","type":"post","link":"https:\/\/www.tec4net.com\/web\/2024\/06\/27\/30512\/","title":{"rendered":"Innenminister fordert erneut Einf\u00fchrung der Vorratsdatenspeicherung"},"content":{"rendered":"<p>Die Innenministerkonferenz (IMK) dr\u00e4ngt die Bundesregierung, eine Vorratsdatenspeicherung von IP-Adressen einzuf\u00fchren, wie \u00fcblich geschieht das umter der Vorgabe, um Opfer von Terror, sexuellem Missbrauch und anderen Gewaltverbrechen besser zu sch\u00fctzen. Brandenburgs Innenminister Michael St\u00fcbgen (CDU) betonte, dass das Quick-Freeze-Verfahren seiner Meinung nach unzureichend sei und eine anlasslose und umfassende Speicherung notwendig sei.<\/p>\n<p>Trotz wiederholter Ablehnung durch den Europ\u00e4ischen Gerichtshof wird erneut eine Vorratsdatenspeicherung angestrebt, da man man angeblich Kriminelle identifizieren m\u00fcsste. Bundesjustizminister Marco Buschmann bevorzugt das Quick-Freeze-Verfahren, w\u00e4hrend Bundesinnenministerin Nancy Faeser und andere &#8222;Sozialdemokraten&#8220; die totalit\u00e4re Vorratsdatenspeicherung unterst\u00fctzen. Zus\u00e4tzlich fordert die IMK eine Pr\u00fcfung eines eigenen Straftatbestands f\u00fcr Cybermobbing und eine einheitliche Regelung f\u00fcr elektronische Fu\u00dffesseln zum Schutz vor h\u00e4uslicher Gewalt.<\/p>\n<p>Die gleichen Parteien die unsere Grenze vors\u00e4tzlich nicht mehr kontrollieren, fordern nun also die anlaslose und dauerhafte Total\u00fcberwachung aller B\u00fcrger.<\/p>\n<p>Vollst\u00e4ndigen Artikel lesen<br \/>\n<a href=\"https:\/\/www.heise.de\/news\/Innenminister-wollen-Vorratsdaten-und-schaerferes-Vorgehen-gegen-Cybermobbing-9773983.html\">https:\/\/www.heise.de\/news\/Innenminister-wollen-Vorratsdaten-und-schaerferes-Vorgehen-gegen-Cybermobbing-9773983.html<\/a><\/p>\n<p>&nbsp;<\/p>\n<p><strong>Wir sind Experten f\u00fcr Datenschutz und IT-Sicherheit<\/strong><\/p>\n<p>Profitieren Sie von unserer umfassenden Beratung zu den Themen Datenschutz und IT-Sicherheit. Unser erfahrenes Team unterst\u00fctzt Sie dabei, Ihre Website und digitalen Dienste datenschutzkonform zu gestalten um die gesetzlichen Vorgaben zu erf\u00fcllen.<\/p>\n<p>Kontaktieren Sie uns noch heute und sichern Sie sich praxisnahe Beratung zur Umsetzung der DSGVO und Normen wie ISO 27001, PCI-DSS oder TISAX.<\/p>\n<p><strong>Datenschutz und IT-Sicherheit praktikabel umsetzen &#8211; tec4net GmbH<\/strong><\/p>\n","protected":false},"excerpt":{"rendered":"<p>Die Innenministerkonferenz (IMK) dr\u00e4ngt die Bundesregierung, eine Vorratsdatenspeicherung von IP-Adressen einzuf\u00fchren, wie \u00fcblich geschieht das umter der Vorgabe, um Opfer von Terror, sexuellem Missbrauch und anderen Gewaltverbrechen besser zu sch\u00fctzen. Brandenburgs Innenminister Michael St\u00fcbgen (CDU) betonte, dass das Quick-Freeze-Verfahren seiner Meinung nach unzureichend sei und eine anlasslose und umfassende Speicherung [&hellip;]<\/p>\n","protected":false},"author":1,"featured_media":0,"comment_status":"closed","ping_status":"closed","sticky":false,"template":"","format":"standard","meta":[],"categories":[1],"tags":[475,473,471,472,474,476,470],"yoast_head":"<!-- This site is optimized with the Yoast SEO plugin v21.5 - https:\/\/yoast.com\/wordpress\/plugins\/seo\/ -->\n<title>Innenminister fordert erneut Einf\u00fchrung der Vorratsdatenspeicherung - tec4net<\/title>\n<meta name=\"description\" content=\"Unsere IT-Experten beraten Sie im Bereich Consulting, IT-Security und Datenschutz in M\u00fcnchen | tec4net GmbH - seit 2003\" \/>\n<meta name=\"robots\" content=\"index, follow, max-snippet:-1, max-image-preview:large, max-video-preview:-1\" \/>\n<link rel=\"canonical\" href=\"https:\/\/www.tec4net.com\/web\/2024\/06\/27\/30512\/\" \/>\n<meta property=\"og:locale\" content=\"de_DE\" \/>\n<meta property=\"og:type\" content=\"article\" \/>\n<meta property=\"og:title\" content=\"Innenminister fordert erneut Einf\u00fchrung der Vorratsdatenspeicherung - tec4net\" \/>\n<meta property=\"og:description\" content=\"Unsere IT-Experten beraten Sie im Bereich Consulting, IT-Security und Datenschutz in M\u00fcnchen | tec4net GmbH - seit 2003\" \/>\n<meta property=\"og:url\" content=\"https:\/\/www.tec4net.com\/web\/2024\/06\/27\/30512\/\" \/>\n<meta property=\"og:site_name\" content=\"tec4net\" \/>\n<meta property=\"article:published_time\" content=\"2024-06-27T09:49:00+00:00\" \/>\n<meta property=\"article:modified_time\" content=\"2024-06-25T22:07:36+00:00\" \/>\n<meta name=\"author\" content=\"Matthias Walter\" \/>\n<meta name=\"twitter:card\" content=\"summary_large_image\" \/>\n<meta name=\"twitter:label1\" content=\"Verfasst von\" \/>\n\t<meta name=\"twitter:data1\" content=\"Matthias Walter\" \/>\n\t<meta name=\"twitter:label2\" content=\"Gesch\u00e4tzte Lesezeit\" \/>\n\t<meta name=\"twitter:data2\" content=\"2\u00a0Minuten\" \/>\n<script type=\"application\/ld+json\" class=\"yoast-schema-graph\">{\"@context\":\"https:\/\/schema.org\",\"@graph\":[{\"@type\":\"Article\",\"@id\":\"https:\/\/www.tec4net.com\/web\/2024\/06\/27\/30512\/#article\",\"isPartOf\":{\"@id\":\"https:\/\/www.tec4net.com\/web\/2024\/06\/27\/30512\/\"},\"author\":{\"name\":\"Matthias Walter\",\"@id\":\"https:\/\/www.tec4net.com\/web\/#\/schema\/person\/eb2c0c81b5ce5b0320d91188184d409b\"},\"headline\":\"Innenminister fordert erneut Einf\u00fchrung der Vorratsdatenspeicherung\",\"datePublished\":\"2024-06-27T09:49:00+00:00\",\"dateModified\":\"2024-06-25T22:07:36+00:00\",\"mainEntityOfPage\":{\"@id\":\"https:\/\/www.tec4net.com\/web\/2024\/06\/27\/30512\/\"},\"wordCount\":241,\"publisher\":{\"@id\":\"https:\/\/www.tec4net.com\/web\/#organization\"},\"keywords\":[\"Cybermobbing\",\"Europ\u00e4ischer Gerichtshof\",\"Innenministerkonferenz\",\"IP-Adressen\",\"Quick-Freeze-Verfahren\",\"Total\u00fcberwachung im Internet\",\"Vorratsdatenspeicherung\"],\"inLanguage\":\"de\"},{\"@type\":\"WebPage\",\"@id\":\"https:\/\/www.tec4net.com\/web\/2024\/06\/27\/30512\/\",\"url\":\"https:\/\/www.tec4net.com\/web\/2024\/06\/27\/30512\/\",\"name\":\"Innenminister fordert erneut Einf\u00fchrung der Vorratsdatenspeicherung - tec4net\",\"isPartOf\":{\"@id\":\"https:\/\/www.tec4net.com\/web\/#website\"},\"datePublished\":\"2024-06-27T09:49:00+00:00\",\"dateModified\":\"2024-06-25T22:07:36+00:00\",\"description\":\"Unsere IT-Experten beraten Sie im Bereich Consulting, IT-Security und Datenschutz in M\u00fcnchen | tec4net GmbH - seit 2003\",\"breadcrumb\":{\"@id\":\"https:\/\/www.tec4net.com\/web\/2024\/06\/27\/30512\/#breadcrumb\"},\"inLanguage\":\"de\",\"potentialAction\":[{\"@type\":\"ReadAction\",\"target\":[\"https:\/\/www.tec4net.com\/web\/2024\/06\/27\/30512\/\"]}]},{\"@type\":\"BreadcrumbList\",\"@id\":\"https:\/\/www.tec4net.com\/web\/2024\/06\/27\/30512\/#breadcrumb\",\"itemListElement\":[{\"@type\":\"ListItem\",\"position\":1,\"name\":\"Startseite\",\"item\":\"https:\/\/www.tec4net.com\/web\/\"},{\"@type\":\"ListItem\",\"position\":2,\"name\":\"Innenminister fordert erneut Einf\u00fchrung der Vorratsdatenspeicherung\"}]},{\"@type\":\"WebSite\",\"@id\":\"https:\/\/www.tec4net.com\/web\/#website\",\"url\":\"https:\/\/www.tec4net.com\/web\/\",\"name\":\"tec4net\",\"description\":\"Ihr starker IT-Partner\",\"publisher\":{\"@id\":\"https:\/\/www.tec4net.com\/web\/#organization\"},\"potentialAction\":[{\"@type\":\"SearchAction\",\"target\":{\"@type\":\"EntryPoint\",\"urlTemplate\":\"https:\/\/www.tec4net.com\/web\/?s={search_term_string}\"},\"query-input\":\"required name=search_term_string\"}],\"inLanguage\":\"de\"},{\"@type\":\"Organization\",\"@id\":\"https:\/\/www.tec4net.com\/web\/#organization\",\"name\":\"tec4net\",\"url\":\"https:\/\/www.tec4net.com\/web\/\",\"logo\":{\"@type\":\"ImageObject\",\"inLanguage\":\"de\",\"@id\":\"https:\/\/www.tec4net.com\/web\/#\/schema\/logo\/image\/\",\"url\":\"https:\/\/www.tec4net.com\/web\/wp-content\/uploads\/2018\/12\/t4n_Logo_startseite.png\",\"contentUrl\":\"https:\/\/www.tec4net.com\/web\/wp-content\/uploads\/2018\/12\/t4n_Logo_startseite.png\",\"width\":178,\"height\":163,\"caption\":\"tec4net\"},\"image\":{\"@id\":\"https:\/\/www.tec4net.com\/web\/#\/schema\/logo\/image\/\"}},{\"@type\":\"Person\",\"@id\":\"https:\/\/www.tec4net.com\/web\/#\/schema\/person\/eb2c0c81b5ce5b0320d91188184d409b\",\"name\":\"Matthias Walter\",\"image\":{\"@type\":\"ImageObject\",\"inLanguage\":\"de\",\"@id\":\"https:\/\/www.tec4net.com\/web\/#\/schema\/person\/image\/\",\"url\":\"https:\/\/secure.gravatar.com\/avatar\/c8945f23c3708dc375c12592ec9c9a7e?s=96&d=mm&r=g\",\"contentUrl\":\"https:\/\/secure.gravatar.com\/avatar\/c8945f23c3708dc375c12592ec9c9a7e?s=96&d=mm&r=g\",\"caption\":\"Matthias Walter\"}}]}<\/script>\n<!-- \/ Yoast SEO plugin. -->","yoast_head_json":{"title":"Innenminister fordert erneut Einf\u00fchrung der Vorratsdatenspeicherung - tec4net","description":"Unsere IT-Experten beraten Sie im Bereich Consulting, IT-Security und Datenschutz in M\u00fcnchen | tec4net GmbH - seit 2003","robots":{"index":"index","follow":"follow","max-snippet":"max-snippet:-1","max-image-preview":"max-image-preview:large","max-video-preview":"max-video-preview:-1"},"canonical":"https:\/\/www.tec4net.com\/web\/2024\/06\/27\/30512\/","og_locale":"de_DE","og_type":"article","og_title":"Innenminister fordert erneut Einf\u00fchrung der Vorratsdatenspeicherung - tec4net","og_description":"Unsere IT-Experten beraten Sie im Bereich Consulting, IT-Security und Datenschutz in M\u00fcnchen | tec4net GmbH - seit 2003","og_url":"https:\/\/www.tec4net.com\/web\/2024\/06\/27\/30512\/","og_site_name":"tec4net","article_published_time":"2024-06-27T09:49:00+00:00","article_modified_time":"2024-06-25T22:07:36+00:00","author":"Matthias Walter","twitter_card":"summary_large_image","twitter_misc":{"Verfasst von":"Matthias Walter","Gesch\u00e4tzte Lesezeit":"2\u00a0Minuten"},"schema":{"@context":"https:\/\/schema.org","@graph":[{"@type":"Article","@id":"https:\/\/www.tec4net.com\/web\/2024\/06\/27\/30512\/#article","isPartOf":{"@id":"https:\/\/www.tec4net.com\/web\/2024\/06\/27\/30512\/"},"author":{"name":"Matthias Walter","@id":"https:\/\/www.tec4net.com\/web\/#\/schema\/person\/eb2c0c81b5ce5b0320d91188184d409b"},"headline":"Innenminister fordert erneut Einf\u00fchrung der Vorratsdatenspeicherung","datePublished":"2024-06-27T09:49:00+00:00","dateModified":"2024-06-25T22:07:36+00:00","mainEntityOfPage":{"@id":"https:\/\/www.tec4net.com\/web\/2024\/06\/27\/30512\/"},"wordCount":241,"publisher":{"@id":"https:\/\/www.tec4net.com\/web\/#organization"},"keywords":["Cybermobbing","Europ\u00e4ischer Gerichtshof","Innenministerkonferenz","IP-Adressen","Quick-Freeze-Verfahren","Total\u00fcberwachung im Internet","Vorratsdatenspeicherung"],"inLanguage":"de"},{"@type":"WebPage","@id":"https:\/\/www.tec4net.com\/web\/2024\/06\/27\/30512\/","url":"https:\/\/www.tec4net.com\/web\/2024\/06\/27\/30512\/","name":"Innenminister fordert erneut Einf\u00fchrung der Vorratsdatenspeicherung - tec4net","isPartOf":{"@id":"https:\/\/www.tec4net.com\/web\/#website"},"datePublished":"2024-06-27T09:49:00+00:00","dateModified":"2024-06-25T22:07:36+00:00","description":"Unsere IT-Experten beraten Sie im Bereich Consulting, IT-Security und Datenschutz in M\u00fcnchen | tec4net GmbH - seit 2003","breadcrumb":{"@id":"https:\/\/www.tec4net.com\/web\/2024\/06\/27\/30512\/#breadcrumb"},"inLanguage":"de","potentialAction":[{"@type":"ReadAction","target":["https:\/\/www.tec4net.com\/web\/2024\/06\/27\/30512\/"]}]},{"@type":"BreadcrumbList","@id":"https:\/\/www.tec4net.com\/web\/2024\/06\/27\/30512\/#breadcrumb","itemListElement":[{"@type":"ListItem","position":1,"name":"Startseite","item":"https:\/\/www.tec4net.com\/web\/"},{"@type":"ListItem","position":2,"name":"Innenminister fordert erneut Einf\u00fchrung der Vorratsdatenspeicherung"}]},{"@type":"WebSite","@id":"https:\/\/www.tec4net.com\/web\/#website","url":"https:\/\/www.tec4net.com\/web\/","name":"tec4net","description":"Ihr starker IT-Partner","publisher":{"@id":"https:\/\/www.tec4net.com\/web\/#organization"},"potentialAction":[{"@type":"SearchAction","target":{"@type":"EntryPoint","urlTemplate":"https:\/\/www.tec4net.com\/web\/?s={search_term_string}"},"query-input":"required name=search_term_string"}],"inLanguage":"de"},{"@type":"Organization","@id":"https:\/\/www.tec4net.com\/web\/#organization","name":"tec4net","url":"https:\/\/www.tec4net.com\/web\/","logo":{"@type":"ImageObject","inLanguage":"de","@id":"https:\/\/www.tec4net.com\/web\/#\/schema\/logo\/image\/","url":"https:\/\/www.tec4net.com\/web\/wp-content\/uploads\/2018\/12\/t4n_Logo_startseite.png","contentUrl":"https:\/\/www.tec4net.com\/web\/wp-content\/uploads\/2018\/12\/t4n_Logo_startseite.png","width":178,"height":163,"caption":"tec4net"},"image":{"@id":"https:\/\/www.tec4net.com\/web\/#\/schema\/logo\/image\/"}},{"@type":"Person","@id":"https:\/\/www.tec4net.com\/web\/#\/schema\/person\/eb2c0c81b5ce5b0320d91188184d409b","name":"Matthias Walter","image":{"@type":"ImageObject","inLanguage":"de","@id":"https:\/\/www.tec4net.com\/web\/#\/schema\/person\/image\/","url":"https:\/\/secure.gravatar.com\/avatar\/c8945f23c3708dc375c12592ec9c9a7e?s=96&d=mm&r=g","contentUrl":"https:\/\/secure.gravatar.com\/avatar\/c8945f23c3708dc375c12592ec9c9a7e?s=96&d=mm&r=g","caption":"Matthias Walter"}}]}},"_links":{"self":[{"href":"https:\/\/www.tec4net.com\/web\/wp-json\/wp\/v2\/posts\/3158"}],"collection":[{"href":"https:\/\/www.tec4net.com\/web\/wp-json\/wp\/v2\/posts"}],"about":[{"href":"https:\/\/www.tec4net.com\/web\/wp-json\/wp\/v2\/types\/post"}],"author":[{"embeddable":true,"href":"https:\/\/www.tec4net.com\/web\/wp-json\/wp\/v2\/users\/1"}],"replies":[{"embeddable":true,"href":"https:\/\/www.tec4net.com\/web\/wp-json\/wp\/v2\/comments?post=3158"}],"version-history":[{"count":1,"href":"https:\/\/www.tec4net.com\/web\/wp-json\/wp\/v2\/posts\/3158\/revisions"}],"predecessor-version":[{"id":3166,"href":"https:\/\/www.tec4net.com\/web\/wp-json\/wp\/v2\/posts\/3158\/revisions\/3166"}],"wp:attachment":[{"href":"https:\/\/www.tec4net.com\/web\/wp-json\/wp\/v2\/media?parent=3158"}],"wp:term":[{"taxonomy":"category","embeddable":true,"href":"https:\/\/www.tec4net.com\/web\/wp-json\/wp\/v2\/categories?post=3158"},{"taxonomy":"post_tag","embeddable":true,"href":"https:\/\/www.tec4net.com\/web\/wp-json\/wp\/v2\/tags?post=3158"}],"curies":[{"name":"wp","href":"https:\/\/api.w.org\/{rel}","templated":true}]}}